{"id":1112,"date":"2020-05-29T09:00:00","date_gmt":"2020-05-29T12:00:00","guid":{"rendered":"https:\/\/www.unsta.edu.ar\/salud\/?p=1112"},"modified":"2020-08-10T14:12:24","modified_gmt":"2020-08-10T17:12:24","slug":"programa-de-becas-parlamentarias-del-parlamento-aleman","status":"publish","type":"post","link":"https:\/\/www.unsta.edu.ar\/salud\/programa-de-becas-parlamentarias-del-parlamento-aleman\/","title":{"rendered":"Programa de becas parlamentarias del Parlamento Alem\u00e1n"},"content":{"rendered":"\n<p>El Parlamento de la Rep\u00fablica Federal de Alemania (\u201cDeutscher Bundestag\u201d) ha decidido incluir a la Argentina en su programa internacional de becas IPS. Esta decisi\u00f3n es un reconocimiento del contacto estrecho entre los parlamentos de ambos pa\u00edses, as\u00ed como del alto nivel de relaciones pol\u00edticas bilaterales de Argentina y Alemania.<\/p>\n\n\n\n<p>Hasta ahora, el programa IPS no inclu\u00eda a ning\u00fan pa\u00eds de Am\u00e9rica Latina, de donde adem\u00e1s de la Argentina podr\u00e1n participar desde ahora Chile y Colombia.<\/p>\n\n\n\n<p>A trav\u00e9s del IPS, que tiene como objetivo la promoci\u00f3n de la democracia, las personas seleccionadas para una beca podr\u00e1n participar de un programa de cinco meses en Berl\u00edn que incluye una pasant\u00eda en el parlamento y cursos sobre el sistema pol\u00edtico y la sociedad alemana.<\/p>\n\n\n\n<p><a href=\"https:\/\/www.unsta.edu.ar\/wp-content\/uploads\/2020\/05\/IPS-Zulassungsvoraussetzungen-ESP_AO.pdf\">Requisitos de admisi\u00f3n (clic aqu\u00ed)<\/a> <br><a href=\"https:\/\/www.unsta.edu.ar\/wp-content\/uploads\/2020\/05\/Gacetilla-de-prensa_Programa-Internacional-de-Becas.pdf\">Gacetilla de prensa (clic aqu\u00ed)<\/a><\/p>\n\n\n\n<p>El plazo para la presentaci\u00f3n de postulaciones es el 31 de julio de 2020. La duraci\u00f3n de las becas en Alemania ser\u00e1 de principios de marzo hasta finales de julio de 2021.<\/p>\n\n\n\n<p>M\u00e1s informaci\u00f3n en  <a href=\"https:\/\/buenos-aires.diplo.de\/ar-es\/themen\/politik\/-\/2340392\">https:\/\/buenos-aires.diplo.de\/ar-es\/themen\/politik\/-\/2340392<\/a> <\/p>\n","protected":false},"excerpt":{"rendered":"<p>El Parlamento de la Rep\u00fablica Federal de Alemania (\u201cDeutscher Bundestag\u201d) ha decidido incluir a la Argentina en su programa internacional de becas IPS. Esta decisi\u00f3n es un reconocimiento del contacto estrecho entre los parlamentos de ambos pa\u00edses, as\u00ed como del alto nivel de relaciones pol\u00edticas bilaterales de Argentina y Alemania. Hasta ahora, el programa IPS &hellip; <\/p>\n<p class=\"link-more\"><a href=\"https:\/\/www.unsta.edu.ar\/salud\/programa-de-becas-parlamentarias-del-parlamento-aleman\/\" class=\"more-link\">Segu\u00ed leyendo<span class=\"screen-reader-text\"> &#8220;Programa de becas parlamentarias del Parlamento Alem\u00e1n&#8221;<\/span><\/a><\/p>\n","protected":false},"author":1,"featured_media":1113,"comment_status":"closed","ping_status":"closed","sticky":false,"template":"","format":"standard","meta":{"_acf_changed":false,"_angie_page":false,"page_builder":"","footnotes":""},"categories":[39,9],"tags":[33,34,70],"class_list":["post-1112","post","type-post","status-publish","format-standard","has-post-thumbnail","hentry","category-cicm","category-noticias","tag-beca-isap-daad","tag-becas","tag-internacional"],"acf":[],"_links":{"self":[{"href":"https:\/\/www.unsta.edu.ar\/salud\/wp-json\/wp\/v2\/posts\/1112","targetHints":{"allow":["GET"]}}],"collection":[{"href":"https:\/\/www.unsta.edu.ar\/salud\/wp-json\/wp\/v2\/posts"}],"about":[{"href":"https:\/\/www.unsta.edu.ar\/salud\/wp-json\/wp\/v2\/types\/post"}],"author":[{"embeddable":true,"href":"https:\/\/www.unsta.edu.ar\/salud\/wp-json\/wp\/v2\/users\/1"}],"replies":[{"embeddable":true,"href":"https:\/\/www.unsta.edu.ar\/salud\/wp-json\/wp\/v2\/comments?post=1112"}],"version-history":[{"count":1,"href":"https:\/\/www.unsta.edu.ar\/salud\/wp-json\/wp\/v2\/posts\/1112\/revisions"}],"predecessor-version":[{"id":1245,"href":"https:\/\/www.unsta.edu.ar\/salud\/wp-json\/wp\/v2\/posts\/1112\/revisions\/1245"}],"wp:featuredmedia":[{"embeddable":true,"href":"https:\/\/www.unsta.edu.ar\/salud\/wp-json\/wp\/v2\/media\/1113"}],"wp:attachment":[{"href":"https:\/\/www.unsta.edu.ar\/salud\/wp-json\/wp\/v2\/media?parent=1112"}],"wp:term":[{"taxonomy":"category","embeddable":true,"href":"https:\/\/www.unsta.edu.ar\/salud\/wp-json\/wp\/v2\/categories?post=1112"},{"taxonomy":"post_tag","embeddable":true,"href":"https:\/\/www.unsta.edu.ar\/salud\/wp-json\/wp\/v2\/tags?post=1112"}],"curies":[{"name":"wp","href":"https:\/\/api.w.org\/{rel}","templated":true}]}}